









{"id":1634,"date":"2017-10-08T17:17:46","date_gmt":"2017-10-08T15:17:46","guid":{"rendered":"http:\/\/skiclubpaysrochois.com\/blog\/?p=1634"},"modified":"2017-10-10T09:04:39","modified_gmt":"2017-10-10T07:04:39","slug":"entrainements-au-tir-et-competition-biathlon-u13u14","status":"publish","type":"post","link":"https:\/\/skiclubpaysrochois.com\/blog\/2017\/10\/08\/entrainements-au-tir-et-competition-biathlon-u13u14\/","title":{"rendered":"Entra\u00eenements au tir et comp\u00e9tition biathlon U13\/U14"},"content":{"rendered":"<p>Deux s\u00e9ances de tir et une comp\u00e9tition de biathlon pour les U13-U14 seront propos\u00e9es d&rsquo;ici aux vacances de Toussaint.<\/p>\n<p><!--more--><\/p>\n<h3>Entra\u00eenement jeudi 12\/10<\/h3>\n<ul>\n<li><em>Note : cette s\u00e9ance pourrait \u00e9ventuellement \u00eatre annul\u00e9e si le pas de tir ne pouvait \u00eatre pr\u00eat pour ce jour<\/em>.<\/li>\n<li>Rendez-vous \u00e0 16h40 au local du club ou 17h directement sur place<\/li>\n<li><a href=\"http:\/\/skiclubpaysrochois.com\/blog\/2017\/04\/12\/categories-saison-20172018\/\">Cat\u00e9gories<\/a> : U12 &#8211; U13 &#8211; U14<\/li>\n<li>Transport : avec le minibus du club et les parents disponibles<\/li>\n<li>Lieu : pas de tir \u00e0 10m de la Cible de l&rsquo;Arve, \u00e0 l&rsquo;\u00c9cole du Centre de Bonneville (rue Decret, presqu&rsquo;en face de la Mairie)<\/li>\n<li>Encadrement : Philippe<\/li>\n<li>Aide encadrement : Christophe<\/li>\n<li>Fin de la s\u00e9ance \u00e0 18h30, retour vers 19h au local du club<\/li>\n<\/ul>\n<p>&nbsp;<\/p>\n<h3>Entra\u00eenement jeudi 19\/10<\/h3>\n<ul>\n<li>Rendez-vous \u00e0 16h40 au local du club ou 17h directement sur place<\/li>\n<li><a href=\"http:\/\/skiclubpaysrochois.com\/blog\/2017\/04\/12\/categories-saison-20172018\/\">Cat\u00e9gories<\/a> : U12 &#8211; U13 &#8211; U14<\/li>\n<li>Transport : avec les parents disponibles<\/li>\n<li>Lieu : pas de tir \u00e0 10m de la Cible de l&rsquo;Arve, \u00e0 l&rsquo;\u00c9cole du Centre de Bonneville (rue Decret, presqu&rsquo;en face de la Mairie)<\/li>\n<li>Encadrement : \u2026<\/li>\n<li>Aide encadrement : \u2026<\/li>\n<li>Fin de la s\u00e9ance \u00e0 18h30, retour vers 19h au local du club<\/li>\n<\/ul>\n<p>&nbsp;<\/p>\n<h3>Comp\u00e9tition samedi 21\/10<\/h3>\n<ul>\n<li>Rassemblement U14 lors du <a href=\"http:\/\/www.skinordiquelafeclaz.org\/les-evenements\/samse-biathlon-summer-tour-2017-21-et-22-octobre\/programme-732\">Samse Summer Tour \u00e0 la F\u00e9claz<\/a><\/li>\n<li>Format de course : course \u00e0 pied et tir \u00e0 10m<\/li>\n<li>Inscriptions : par mail aupr\u00e8s de Christophe, imp\u00e9rativement avant le lundi 16\/10 au soir<\/li>\n<li>Transport et horaires : \u2026plus d&rsquo;informations \u00e0 suivre\u2026<\/li>\n<li><span style=\"text-decoration: underline;\"><strong>Imp\u00e9ratif pour participer \u00e0 cette course :<\/strong><\/span>\n<ul>\n<li>S&rsquo;\u00eatre inscrit par mail aupr\u00e8s de Christophe avant lundi 16\/10 au soir<\/li>\n<li>Avoir fourni le certificat m\u00e9dical, de mani\u00e8re \u00e0 pouvoir valider la licence pour la saison 2017\/2018<\/li>\n<li>Avoir particip\u00e9 \u00e0 au moins l&rsquo;un des deux entra\u00eenements au tir (12\/10 ou 19\/10)<\/li>\n<\/ul>\n<\/li>\n<\/ul>\n<p>&nbsp;<\/p>\n<p>&nbsp;<\/p>\n<p>&nbsp;<\/p>\n<p>[wysija_form id=\u00a0\u00bb1&Prime;]<\/p>\n","protected":false},"excerpt":{"rendered":"<p>Deux s\u00e9ances de tir et une comp\u00e9tition de biathlon pour les U13-U14 seront propos\u00e9es d&rsquo;ici aux vacances de Toussaint.<\/p>\n","protected":false},"author":1,"featured_media":0,"comment_status":"open","ping_status":"closed","sticky":false,"template":"","format":"standard","meta":{"footnotes":""},"categories":[28,26,6],"tags":[],"class_list":["post-1634","post","type-post","status-publish","format-standard","hentry","category-biathlon","category-chrono-preparation","category-entrainement"],"_links":{"self":[{"href":"https:\/\/skiclubpaysrochois.com\/blog\/wp-json\/wp\/v2\/posts\/1634","targetHints":{"allow":["GET"]}}],"collection":[{"href":"https:\/\/skiclubpaysrochois.com\/blog\/wp-json\/wp\/v2\/posts"}],"about":[{"href":"https:\/\/skiclubpaysrochois.com\/blog\/wp-json\/wp\/v2\/types\/post"}],"author":[{"embeddable":true,"href":"https:\/\/skiclubpaysrochois.com\/blog\/wp-json\/wp\/v2\/users\/1"}],"replies":[{"embeddable":true,"href":"https:\/\/skiclubpaysrochois.com\/blog\/wp-json\/wp\/v2\/comments?post=1634"}],"version-history":[{"count":5,"href":"https:\/\/skiclubpaysrochois.com\/blog\/wp-json\/wp\/v2\/posts\/1634\/revisions"}],"predecessor-version":[{"id":1639,"href":"https:\/\/skiclubpaysrochois.com\/blog\/wp-json\/wp\/v2\/posts\/1634\/revisions\/1639"}],"wp:attachment":[{"href":"https:\/\/skiclubpaysrochois.com\/blog\/wp-json\/wp\/v2\/media?parent=1634"}],"wp:term":[{"taxonomy":"category","embeddable":true,"href":"https:\/\/skiclubpaysrochois.com\/blog\/wp-json\/wp\/v2\/categories?post=1634"},{"taxonomy":"post_tag","embeddable":true,"href":"https:\/\/skiclubpaysrochois.com\/blog\/wp-json\/wp\/v2\/tags?post=1634"}],"curies":[{"name":"wp","href":"https:\/\/api.w.org\/{rel}","templated":true}]}}