









{"id":1283,"date":"2017-06-16T17:00:29","date_gmt":"2017-06-16T15:00:29","guid":{"rendered":"http:\/\/skiclubpaysrochois.com\/blog\/?p=1283"},"modified":"2017-06-14T09:34:48","modified_gmt":"2017-06-14T07:34:48","slug":"courir-et-grimper-pour-les-blesses-de-la-defense-24-juin","status":"publish","type":"post","link":"https:\/\/skiclubpaysrochois.com\/blog\/2017\/06\/16\/courir-et-grimper-pour-les-blesses-de-la-defense-24-juin\/","title":{"rendered":"Courir et grimper pour les bless\u00e9s de la D\u00e9fense &#8211; 24 juin"},"content":{"rendered":"<p>Le club sera pr\u00e9sent pour participer \u00e0 la manifestation \u00abCourir et grimper pour les bless\u00e9s de la D\u00e9fense\u00bb, organis\u00e9 samedi 24 juin au Ch\u00e2teau de l&rsquo;\u00c9chelle.<\/p>\n<p><!--more--><\/p>\n<p>\u00c0 noter la pr\u00e9sence des parrains\u00a0Jean-Marc Gaillard, Baptiste Gros (ski de fond) et Fran\u00e7ois Braud (combin\u00e9 nordique).<\/p>\n<p><a href=\"http:\/\/skiclubpaysrochois.com\/blog\/wp-content\/uploads\/2017\/06\/CGPLD_AFFICHE_594x840mm.pdf\">Programme de la manifestation<\/a><\/p>\n<p>Cette manifestation est inscrite au <a href=\"http:\/\/skiclubpaysrochois.com\/blog\/2017\/06\/08\/programme-entrainements-juin-2017\/\">programme d&rsquo;entra\u00eenement<\/a>, et permettra de\u00a0participer \u00e0 une manifestation\u00a0locale tout en faisant une s\u00e9ance en course \u00e0 pied. Rendez-vous \u00e0 15h30 sur place.<\/p>\n<p>Merci de pr\u00e9voir le T-shirt du\u00a0club. Ceux qui n&rsquo;en ont pas\u00a0peuvent en demander un lorsque nous sommes au local du club.<\/p>\n<p>&nbsp;<\/p>\n<p>[wysija_form id=\u00a0\u00bb1&Prime;]<\/p>\n","protected":false},"excerpt":{"rendered":"<p>Le club sera pr\u00e9sent pour participer \u00e0 la manifestation \u00abCourir et grimper pour les bless\u00e9s de la D\u00e9fense\u00bb, organis\u00e9 samedi 24 juin au Ch\u00e2teau de l&rsquo;\u00c9chelle.<\/p>\n","protected":false},"author":1,"featured_media":0,"comment_status":"open","ping_status":"closed","sticky":false,"template":"","format":"standard","meta":{"footnotes":""},"categories":[21,19,10],"tags":[],"class_list":["post-1283","post","type-post","status-publish","format-standard","hentry","category-details-seances","category-manifestations-partenaires","category-vie-du-club"],"_links":{"self":[{"href":"https:\/\/skiclubpaysrochois.com\/blog\/wp-json\/wp\/v2\/posts\/1283","targetHints":{"allow":["GET"]}}],"collection":[{"href":"https:\/\/skiclubpaysrochois.com\/blog\/wp-json\/wp\/v2\/posts"}],"about":[{"href":"https:\/\/skiclubpaysrochois.com\/blog\/wp-json\/wp\/v2\/types\/post"}],"author":[{"embeddable":true,"href":"https:\/\/skiclubpaysrochois.com\/blog\/wp-json\/wp\/v2\/users\/1"}],"replies":[{"embeddable":true,"href":"https:\/\/skiclubpaysrochois.com\/blog\/wp-json\/wp\/v2\/comments?post=1283"}],"version-history":[{"count":2,"href":"https:\/\/skiclubpaysrochois.com\/blog\/wp-json\/wp\/v2\/posts\/1283\/revisions"}],"predecessor-version":[{"id":1287,"href":"https:\/\/skiclubpaysrochois.com\/blog\/wp-json\/wp\/v2\/posts\/1283\/revisions\/1287"}],"wp:attachment":[{"href":"https:\/\/skiclubpaysrochois.com\/blog\/wp-json\/wp\/v2\/media?parent=1283"}],"wp:term":[{"taxonomy":"category","embeddable":true,"href":"https:\/\/skiclubpaysrochois.com\/blog\/wp-json\/wp\/v2\/categories?post=1283"},{"taxonomy":"post_tag","embeddable":true,"href":"https:\/\/skiclubpaysrochois.com\/blog\/wp-json\/wp\/v2\/tags?post=1283"}],"curies":[{"name":"wp","href":"https:\/\/api.w.org\/{rel}","templated":true}]}}