









{"id":1026,"date":"2017-02-17T13:57:22","date_gmt":"2017-02-17T11:57:22","guid":{"rendered":"http:\/\/skiclubpaysrochois.com\/blog\/?p=1026"},"modified":"2017-02-17T17:08:42","modified_gmt":"2017-02-17T15:08:42","slug":"championnat-federal-de-relais-a-vallorcine-1802","status":"publish","type":"post","link":"https:\/\/skiclubpaysrochois.com\/blog\/2017\/02\/17\/championnat-federal-de-relais-a-vallorcine-1802\/","title":{"rendered":"Championnat f\u00e9d\u00e9ral de relais \u00e0 Vallorcine 18\/02"},"content":{"rendered":"<p><span style=\"color: #ff0000;\">Modification ven. 16h10 : rendez-vous co-voiturage pour les gar\u00e7ons.<\/span><\/p>\n<p>Voici les informations\u00a0pour le\u00a0relais du samedi 18\/02 :<\/p>\n<p><!--more--><\/p>\n<h3>Samedi 18\/02\u00a0:\u00a0Championnat f\u00e9d\u00e9ral de relais \u00e0 Vallorcine<\/h3>\n<ul>\n<li>Lieu : Vallorcine, <a href=\"https:\/\/www.google.fr\/maps\/place\/Avenue+de+la+Gare,+74660+Vallorcine\/@46.0319529,6.9305068,840m\/data=!3m2!1e3!4b1!4m5!3m4!1s0x478eb30cbd4f56e9:0x654af3bbf8079c4c!8m2!3d46.0319529!4d6.9327008\">au lieu-dit Plan Envers<\/a>\u00a0(parking de la Gare)<\/li>\n<li>Relais au format du Championnat de France des clubs, classique pour les U14\/U16, skate pour les grands<\/li>\n<li>D\u00e9part \u00e0 9h30 pour les dames,\u00a010h30 pour les hommes<\/li>\n<li>Transport : avec les parents. Si\u00a0n\u00e9cessaire,\u00a0voir avec Mathieu. Pour les gar\u00e7ons, Marc Paturel fait un d\u00e9part \u00e0 8h au local du club (7 places disponibles).<\/li>\n<li>Fartage : LF8 (rose) pour les U14\/U16, HF8 (rose) pour les grands<\/li>\n<li>Rendez-vous \u00e0 la tente de fartage :\n<ul>\n<li>Filles : vers 8h15 (U14\/U16) &#8211; 8h30 (U18\/SEN)<\/li>\n<li>Gar\u00e7ons : vers 9h15 (U14\/U16) &#8211; 9h30-9h45 (U18\/SEN)<\/li>\n<\/ul>\n<\/li>\n<li><a href=\"http:\/\/skiclubpaysrochois.com\/blog\/wp-content\/uploads\/2017\/02\/INFORMATIONS.pdf\">Autres informations<\/a> &#8211; <a href=\"http:\/\/skiclubpaysrochois.com\/blog\/wp-content\/uploads\/2017\/02\/STADE-PDF.pdf\">Plan du stade<\/a> &#8211; <a href=\"http:\/\/skiclubpaysrochois.com\/blog\/wp-content\/uploads\/2017\/02\/PISTE-25-KLM-VALO.pdf\">Plan des pistes<\/a><\/li>\n<\/ul>\n<p>&nbsp;<\/p>\n<p>&nbsp;<\/p>\n<p>[wysija_form id=\u00a0\u00bb1&Prime;]<\/p>\n","protected":false},"excerpt":{"rendered":"<p>Modification ven. 16h10 : rendez-vous co-voiturage pour les gar\u00e7ons. Voici les informations\u00a0pour le\u00a0relais du samedi 18\/02 :<\/p>\n","protected":false},"author":1,"featured_media":0,"comment_status":"open","ping_status":"closed","sticky":false,"template":"","format":"standard","meta":{"footnotes":""},"categories":[2,5],"tags":[],"class_list":["post-1026","post","type-post","status-publish","format-standard","hentry","category-course","category-regionale"],"_links":{"self":[{"href":"https:\/\/skiclubpaysrochois.com\/blog\/wp-json\/wp\/v2\/posts\/1026","targetHints":{"allow":["GET"]}}],"collection":[{"href":"https:\/\/skiclubpaysrochois.com\/blog\/wp-json\/wp\/v2\/posts"}],"about":[{"href":"https:\/\/skiclubpaysrochois.com\/blog\/wp-json\/wp\/v2\/types\/post"}],"author":[{"embeddable":true,"href":"https:\/\/skiclubpaysrochois.com\/blog\/wp-json\/wp\/v2\/users\/1"}],"replies":[{"embeddable":true,"href":"https:\/\/skiclubpaysrochois.com\/blog\/wp-json\/wp\/v2\/comments?post=1026"}],"version-history":[{"count":5,"href":"https:\/\/skiclubpaysrochois.com\/blog\/wp-json\/wp\/v2\/posts\/1026\/revisions"}],"predecessor-version":[{"id":1043,"href":"https:\/\/skiclubpaysrochois.com\/blog\/wp-json\/wp\/v2\/posts\/1026\/revisions\/1043"}],"wp:attachment":[{"href":"https:\/\/skiclubpaysrochois.com\/blog\/wp-json\/wp\/v2\/media?parent=1026"}],"wp:term":[{"taxonomy":"category","embeddable":true,"href":"https:\/\/skiclubpaysrochois.com\/blog\/wp-json\/wp\/v2\/categories?post=1026"},{"taxonomy":"post_tag","embeddable":true,"href":"https:\/\/skiclubpaysrochois.com\/blog\/wp-json\/wp\/v2\/tags?post=1026"}],"curies":[{"name":"wp","href":"https:\/\/api.w.org\/{rel}","templated":true}]}}