









{"id":1022,"date":"2017-02-13T15:42:38","date_gmt":"2017-02-13T13:42:38","guid":{"rendered":"http:\/\/skiclubpaysrochois.com\/blog\/?p=1022"},"modified":"2017-02-13T15:42:38","modified_gmt":"2017-02-13T13:42:38","slug":"championnat-federal-de-relais-argentiere","status":"publish","type":"post","link":"https:\/\/skiclubpaysrochois.com\/blog\/2017\/02\/13\/championnat-federal-de-relais-argentiere\/","title":{"rendered":"Championnat f\u00e9d\u00e9ral de relais Argenti\u00e8re"},"content":{"rendered":"<p>Voici les compositions des \u00e9quipes pour le relais du 18\/02 \u00e0 Argenti\u00e8re :<\/p>\n<p><!--more--><\/p>\n<p>Nous avons essay\u00e9 de faire le maximum d&rsquo;\u00e9quipes\u00a0en fonction des r\u00e9sultats sportifs, mais aussi de l&rsquo;investissement et du s\u00e9rieux vu \u00e0 l&rsquo;entra\u00eenement :<\/p>\n<ul>\n<li>\u00c9quipes dames\n<ul>\n<li>Marie Bousquet, Tania Kurek, Sol\u00e8ne Vulliet<\/li>\n<li>L\u00e9a Basthard-Bogain, Lisa Lehmann, Claudie Fournier<\/li>\n<li>St\u00e9phanie Piller, Mathilde Chamoux, Chlo\u00e9 Monnier<\/li>\n<\/ul>\n<\/li>\n<li>\u00c9quipes hommes\n<ul>\n<li>Gaetan Paturel, Hugo Dejour, Bertrand Coffy, Samuel Ikpefan<\/li>\n<li>Mat\u00e9o Roguet, Cl\u00e9ment Chevalier, Simon Riquier, Mathieu Roguet<\/li>\n<li>Dorian Perroud, Tom Cadet, Dorian Galmiche, Marc Paturel<\/li>\n<\/ul>\n<\/li>\n<\/ul>\n<p>&nbsp;<\/p>\n<p>Lors de la derni\u00e8re \u00e9dition du relais d&rsquo;Argenti\u00e8re, nous avions remport\u00e9 le Challenge Roger Ravanel du meilleur club. Ce sera aussi une r\u00e9p\u00e9tition pour\u00a0le Championnat de France des clubs qui se dispute sur le m\u00eame format de course.<\/p>\n<p>Note : selon les conditions d&rsquo;enneigement, il est possible que la comp\u00e9tition soit d\u00e9plac\u00e9e \u00e0 Vallorcine.<\/p>\n<p>Rappel\u00a0: pour ceux qui ne sont pas dans les \u00e9quipes de relais, il y aura <a href=\"http:\/\/skiclubpaysrochois.com\/blog\/2017\/02\/05\/programme-entrainements-vacances-fevrier-2017\/\">entra\u00eenement aux Gli\u00e8res<\/a>.<\/p>\n<p>&nbsp;<\/p>\n<p>[wysija_form id=\u00a0\u00bb1&Prime;]<\/p>\n","protected":false},"excerpt":{"rendered":"<p>Voici les compositions des \u00e9quipes pour le relais du 18\/02 \u00e0 Argenti\u00e8re :<\/p>\n","protected":false},"author":1,"featured_media":0,"comment_status":"open","ping_status":"closed","sticky":false,"template":"","format":"standard","meta":{"footnotes":""},"categories":[2,5],"tags":[],"class_list":["post-1022","post","type-post","status-publish","format-standard","hentry","category-course","category-regionale"],"_links":{"self":[{"href":"https:\/\/skiclubpaysrochois.com\/blog\/wp-json\/wp\/v2\/posts\/1022","targetHints":{"allow":["GET"]}}],"collection":[{"href":"https:\/\/skiclubpaysrochois.com\/blog\/wp-json\/wp\/v2\/posts"}],"about":[{"href":"https:\/\/skiclubpaysrochois.com\/blog\/wp-json\/wp\/v2\/types\/post"}],"author":[{"embeddable":true,"href":"https:\/\/skiclubpaysrochois.com\/blog\/wp-json\/wp\/v2\/users\/1"}],"replies":[{"embeddable":true,"href":"https:\/\/skiclubpaysrochois.com\/blog\/wp-json\/wp\/v2\/comments?post=1022"}],"version-history":[{"count":3,"href":"https:\/\/skiclubpaysrochois.com\/blog\/wp-json\/wp\/v2\/posts\/1022\/revisions"}],"predecessor-version":[{"id":1025,"href":"https:\/\/skiclubpaysrochois.com\/blog\/wp-json\/wp\/v2\/posts\/1022\/revisions\/1025"}],"wp:attachment":[{"href":"https:\/\/skiclubpaysrochois.com\/blog\/wp-json\/wp\/v2\/media?parent=1022"}],"wp:term":[{"taxonomy":"category","embeddable":true,"href":"https:\/\/skiclubpaysrochois.com\/blog\/wp-json\/wp\/v2\/categories?post=1022"},{"taxonomy":"post_tag","embeddable":true,"href":"https:\/\/skiclubpaysrochois.com\/blog\/wp-json\/wp\/v2\/tags?post=1022"}],"curies":[{"name":"wp","href":"https:\/\/api.w.org\/{rel}","templated":true}]}}